{"id":639,"date":"2013-02-07T18:25:42","date_gmt":"2013-02-07T16:25:42","guid":{"rendered":"http:\/\/www.matthiasanton.de\/?p=639"},"modified":"2013-02-08T10:50:05","modified_gmt":"2013-02-08T08:50:05","slug":"matthias-anton-wird-neuer-clarino-experte","status":"publish","type":"post","link":"https:\/\/www.matthiasanton.de\/?p=639","title":{"rendered":"Matthias Anton wird neuer Clarino Experte"},"content":{"rendered":"<h1>Matthias Anton &#8211; Saxofonprof. und CLARINO-Experte<\/h1>\n<p>Schon Heinz Erhardt wusste seinerzeit: \u00bbErstens kommt es anders und zweitens als man denkt.\u00ab Wenn Matthias \u00adAnton \u00fcber seinen Berufsweg spricht, ist diese \u00bbWeisheit\u00ab durchaus anwendbar. Zielstrebig war und ist er sowieso, doch der ein oder andere Zwischenstopp war so nicht \u00adgeplant. Heute ist der Musiker unter anderem Saxofonprofessor in Trossingen \u2013 und ab der April-Ausgabe von CLARINO der Kolumnist f\u00fcr die Holzbl\u00e4serfraktion.<\/p>\n<p>Nein, wie ein Professor sieht er nicht aus. Zumindest nicht so, wie man sich klischeehaft \u00adeinen Professor vorstellt. Die langen, r\u00f6tlichen Haare hat er zum Pferdeschwanz zur\u00fcck\u00adgebunden. Das Gesicht zieren Vier-Tage-Bart sowie eine \u00adschmale Hornbrille. Im linken Ohr stecken zwei silberne \u00adRinge. Ein Professor? Den Musiker hingegen nimmt man ihm sofort ab. Was vermutlich auch daran liegt, dass er eben haupts\u00e4chlich einer ist. \u00bbDass ich auch in den Lehrberuf \u00adgehen w\u00fcrde, war f\u00fcr mich ja eigentlich nie klar \u2013 bis ich in Mannheim im Rahmen meines Studiums den P\u00e4dagogikteil ablegte. Ablegen musste. Nach der Pr\u00fcfung meinte der Prof zu mir: \u203aDas war eine ganz hervorragende Pr\u00fcfung. Bei Ihnen h\u00e4tte ich auch gerne Unterricht.\u2039\u00ab<\/p>\n<p>Den gesamten Artikel gibt es unter: <a href=\"http:\/\/www.clarino.de\/heftartikel\/artikel\/matthias-anton-saxofonprofessor-und-clarino-experte\/\">www.clarino.de<\/a><\/p>\n<p><strong>Mitmachen!<\/strong><\/p>\n<p>Ab der April-Ausgabe (28. M\u00e4rz) wird der Saxofonprof. Matthias Anton unser und Ihr Experte in allen m\u00f6glichen (und unm\u00f6glichen) Saxofonfragen. Die Themen k\u00f6nnen Atmung, Ansatz, Technik, aber auch die Musik jedweder Art sein. Schreiben Sie Matthias Anton einfach Ihre Fragen \u2013 und er wird sie in CLARINO gewissenhaft beantworten. Nat\u00fcrlich wird \u2013 wenn von Ihnen gew\u00fcnscht \u2013 die Anonymit\u00e4t gewahrt.<\/p>\n<p>E-Mail: <a href=\"mailto:anton@clarino.de\">anton[at]clarino.de<\/a><\/p>\n<p>&nbsp;<\/p>\n","protected":false},"excerpt":{"rendered":"<p>Matthias Anton &#8211; Saxofonprof. und CLARINO-Experte Schon Heinz Erhardt wusste seinerzeit: \u00bbErstens kommt es anders und zweitens als man denkt.\u00ab Wenn Matthias \u00adAnton \u00fcber seinen Berufsweg spricht, ist diese \u00bbWeisheit\u00ab durchaus anwendbar. Zielstrebig war und ist er sowieso, doch der ein oder andere Zwischenstopp war so nicht \u00adgeplant. Heute ist der Musiker unter anderem Saxofonprofessor [&hellip;]<\/p>\n","protected":false},"author":1,"featured_media":0,"comment_status":"closed","ping_status":"open","sticky":false,"template":"","format":"standard","meta":[],"categories":[1],"tags":[],"_links":{"self":[{"href":"https:\/\/www.matthiasanton.de\/index.php?rest_route=\/wp\/v2\/posts\/639"}],"collection":[{"href":"https:\/\/www.matthiasanton.de\/index.php?rest_route=\/wp\/v2\/posts"}],"about":[{"href":"https:\/\/www.matthiasanton.de\/index.php?rest_route=\/wp\/v2\/types\/post"}],"author":[{"embeddable":true,"href":"https:\/\/www.matthiasanton.de\/index.php?rest_route=\/wp\/v2\/users\/1"}],"replies":[{"embeddable":true,"href":"https:\/\/www.matthiasanton.de\/index.php?rest_route=%2Fwp%2Fv2%2Fcomments&post=639"}],"version-history":[{"count":7,"href":"https:\/\/www.matthiasanton.de\/index.php?rest_route=\/wp\/v2\/posts\/639\/revisions"}],"predecessor-version":[{"id":648,"href":"https:\/\/www.matthiasanton.de\/index.php?rest_route=\/wp\/v2\/posts\/639\/revisions\/648"}],"wp:attachment":[{"href":"https:\/\/www.matthiasanton.de\/index.php?rest_route=%2Fwp%2Fv2%2Fmedia&parent=639"}],"wp:term":[{"taxonomy":"category","embeddable":true,"href":"https:\/\/www.matthiasanton.de\/index.php?rest_route=%2Fwp%2Fv2%2Fcategories&post=639"},{"taxonomy":"post_tag","embeddable":true,"href":"https:\/\/www.matthiasanton.de\/index.php?rest_route=%2Fwp%2Fv2%2Ftags&post=639"}],"curies":[{"name":"wp","href":"https:\/\/api.w.org\/{rel}","templated":true}]}}